{"id":525388,"date":"2024-11-25T16:55:09","date_gmt":"2024-11-25T14:55:09","guid":{"rendered":"https:\/\/light24.ee\/blog\/2024\/11\/25\/faro-barcelona-forme-nordique-au-coeur-espagnol\/"},"modified":"2025-11-23T15:44:23","modified_gmt":"2025-11-23T13:44:23","slug":"faro-barcelona-forme-nordique-au-coeur-espagnol","status":"publish","type":"post","link":"https:\/\/light24.net\/fr\/blog\/2024\/11\/25\/faro-barcelona-forme-nordique-au-coeur-espagnol\/","title":{"rendered":"Faro Barcelona \u2013 Forme nordique au c\u0153ur espagnol"},"content":{"rendered":"\t\t<div data-elementor-type=\"wp-post\" data-elementor-id=\"525388\" class=\"elementor elementor-525388 elementor-106443\" data-elementor-post-type=\"post\">\n\t\t\t\t\t\t<section class=\"elementor-section elementor-top-section elementor-element elementor-element-67ae5a2e elementor-section-full_width elementor-section-height-default elementor-section-height-default qodef-elementor-content-no qodef-elementor-overlay-no\" data-id=\"67ae5a2e\" data-element_type=\"section\" data-e-type=\"section\">\n\t\t\t\t\t\t<div class=\"elementor-container elementor-column-gap-default\">\n\t\t\t\t\t<div class=\"elementor-column elementor-col-100 elementor-top-column elementor-element elementor-element-3372ebe3\" data-id=\"3372ebe3\" data-element_type=\"column\" data-e-type=\"column\">\n\t\t\t<div class=\"elementor-widget-wrap elementor-element-populated\">\n\t\t\t\t\t\t<div class=\"elementor-element elementor-element-15b4b029 elementor-widget elementor-widget-text-editor\" data-id=\"15b4b029\" data-element_type=\"widget\" data-e-type=\"widget\" data-widget_type=\"text-editor.default\">\n\t\t\t\t<div class=\"elementor-widget-container\">\n\t\t\t\t\t\t\t\t\t<blockquote><p>Faro Barcelona est l&rsquo;un des favoris de nos clients. Il n&rsquo;y a pas un jour o\u00f9 un produit Faro ne soit pas ajout\u00e9 \u00e0 nouveau au panier. Qu&rsquo;est-ce qui rend les luminaires de cette marque si populaires ? Regardons de plus pr\u00e8s ce que repr\u00e9sente le fabricant espagnol d&rsquo;\u00e9clairage Faro Barcelona.<\/p><\/blockquote>\t\t\t\t\t\t\t\t<\/div>\n\t\t\t\t<\/div>\n\t\t\t\t\t<\/div>\n\t\t<\/div>\n\t\t\t\t\t<\/div>\n\t\t<\/section>\n\t\t\t\t<section class=\"elementor-section elementor-top-section elementor-element elementor-element-7a5ffd5 elementor-section-boxed elementor-section-height-default elementor-section-height-default qodef-elementor-content-no qodef-elementor-overlay-no\" data-id=\"7a5ffd5\" data-element_type=\"section\" data-e-type=\"section\">\n\t\t\t\t\t\t<div class=\"elementor-container elementor-column-gap-default\">\n\t\t\t\t\t<div class=\"elementor-column elementor-col-100 elementor-top-column elementor-element elementor-element-83a9996\" data-id=\"83a9996\" data-element_type=\"column\" data-e-type=\"column\">\n\t\t\t<div class=\"elementor-widget-wrap elementor-element-populated\">\n\t\t\t\t\t\t<div class=\"elementor-element elementor-element-0b6e9ef elementor-widget elementor-widget-text-editor\" data-id=\"0b6e9ef\" data-element_type=\"widget\" data-e-type=\"widget\" data-widget_type=\"text-editor.default\">\n\t\t\t\t<div class=\"elementor-widget-container\">\n\t\t\t\t\t\t\t\t\t<h5>UNE MARQUE N\u00c9E D&rsquo;UNE PETITE ENTREPRISE FAMILIALE<\/h5><p>L&rsquo;histoire de Faro Barcelona remonte aux ann\u00e9es 1940, lorsque Carlos L\u00f3pez L\u00f3pez a commenc\u00e9 \u00e0 vendre des batteries Jupiter \u00e0 Barcelone.<\/p><p>Dans les ann\u00e9es 1970, l&rsquo;entreprise a \u00e9t\u00e9 reprise par son fils, Carlos L\u00f3pez Orejudo.<\/p><p>Dans les ann\u00e9es 1980, l&rsquo;entreprise a rencontr\u00e9 des difficult\u00e9s \u00e9conomiques, entra\u00eenant un changement de direction \u2013 Faro est devenu le premier distributeur de ventilateurs de plafond en Espagne et est rapidement devenu un expert du march\u00e9 local des luminaires et des ventilateurs. Au nouveau mill\u00e9naire, l&rsquo;entreprise a cherch\u00e9 des opportunit\u00e9s de diff\u00e9renciation et a commenc\u00e9 \u00e0 concevoir ses propres produits.<\/p>\t\t\t\t\t\t\t\t<\/div>\n\t\t\t\t<\/div>\n\t\t\t\t\t<\/div>\n\t\t<\/div>\n\t\t\t\t\t<\/div>\n\t\t<\/section>\n\t\t\t\t<section class=\"elementor-section elementor-top-section elementor-element elementor-element-22956b1 elementor-section-boxed elementor-section-height-default elementor-section-height-default qodef-elementor-content-no qodef-elementor-overlay-no\" data-id=\"22956b1\" data-element_type=\"section\" data-e-type=\"section\">\n\t\t\t\t\t\t<div class=\"elementor-container elementor-column-gap-default\">\n\t\t\t\t\t<div class=\"elementor-column elementor-col-100 elementor-top-column elementor-element elementor-element-affbf36\" data-id=\"affbf36\" data-element_type=\"column\" data-e-type=\"column\">\n\t\t\t<div class=\"elementor-widget-wrap elementor-element-populated\">\n\t\t\t\t\t\t<div class=\"elementor-element elementor-element-9c46305 elementor-widget elementor-widget-image\" data-id=\"9c46305\" data-element_type=\"widget\" data-e-type=\"widget\" data-widget_type=\"image.default\">\n\t\t\t\t<div class=\"elementor-widget-container\">\n\t\t\t\t\t\t\t\t\t\t\t\t\t\t\t<img fetchpriority=\"high\" decoding=\"async\" width=\"1024\" height=\"485\" src=\"https:\/\/light24.net\/wp-content\/uploads\/2022\/07\/Faro_blogi_3-1024x485.jpg\" class=\"attachment-large size-large wp-image-106477\" alt=\"\" srcset=\"https:\/\/light24.net\/wp-content\/uploads\/2022\/07\/Faro_blogi_3-1024x485.jpg 1024w, https:\/\/light24.net\/wp-content\/uploads\/2022\/07\/Faro_blogi_3-570x270.jpg 570w, https:\/\/light24.net\/wp-content\/uploads\/2022\/07\/Faro_blogi_3-300x142.jpg 300w, https:\/\/light24.net\/wp-content\/uploads\/2022\/07\/Faro_blogi_3-768x364.jpg 768w, https:\/\/light24.net\/wp-content\/uploads\/2022\/07\/Faro_blogi_3-1536x728.jpg 1536w, https:\/\/light24.net\/wp-content\/uploads\/2022\/07\/Faro_blogi_3.jpg 1920w\" sizes=\"(max-width: 1024px) 100vw, 1024px\" title=\"Faro Barcelona \u2013 Forme nordique au c\u0153ur espagnol \u2600 Light24 \u2600 Faro_blogi_3 \u2600 Light24\" \/>\t\t\t\t\t\t\t\t\t\t\t\t\t\t\t<\/div>\n\t\t\t\t<\/div>\n\t\t\t\t\t<\/div>\n\t\t<\/div>\n\t\t\t\t\t<\/div>\n\t\t<\/section>\n\t\t\t\t<section class=\"elementor-section elementor-top-section elementor-element elementor-element-62c3858f elementor-section-full_width elementor-section-height-default elementor-section-height-default qodef-elementor-content-no qodef-elementor-overlay-no\" data-id=\"62c3858f\" data-element_type=\"section\" data-e-type=\"section\">\n\t\t\t\t\t\t<div class=\"elementor-container elementor-column-gap-default\">\n\t\t\t\t\t<div class=\"elementor-column elementor-col-100 elementor-top-column elementor-element elementor-element-6866961\" data-id=\"6866961\" data-element_type=\"column\" data-e-type=\"column\">\n\t\t\t<div class=\"elementor-widget-wrap elementor-element-populated\">\n\t\t\t\t\t\t<div class=\"elementor-element elementor-element-5db95fea elementor-widget elementor-widget-text-editor\" data-id=\"5db95fea\" data-element_type=\"widget\" data-e-type=\"widget\" data-widget_type=\"text-editor.default\">\n\t\t\t\t<div class=\"elementor-widget-container\">\n\t\t\t\t\t\t\t\t\t<h5>UN FABRICANT D&rsquo;\u00c9CLAIRAGE R\u00c9USSI<\/h5><p>Aujourd&rsquo;hui, l&rsquo;\u00e9quipe de Faro Barcelona se compose de plus de 100 personnes enthousiastes, et la marque op\u00e8re dans plus de 110 pays \u00e0 travers le monde.<\/p><p>Ces derni\u00e8res ann\u00e9es, Faro Barcelona a remport\u00e9 de nombreux prix, dont deux Red Dot Awards, le IF Design Award, trois German Design Awards et un Green Product Award.<\/p><p>La marque est repr\u00e9sent\u00e9e dans des showrooms internationaux situ\u00e9s dans des villes majeures et importantes telles que Madrid, Barcelone, Milan, Londres et Tokyo.<\/p>\t\t\t\t\t\t\t\t<\/div>\n\t\t\t\t<\/div>\n\t\t\t\t\t<\/div>\n\t\t<\/div>\n\t\t\t\t\t<\/div>\n\t\t<\/section>\n\t\t\t\t<section class=\"elementor-section elementor-top-section elementor-element elementor-element-f1df6c0 elementor-section-boxed elementor-section-height-default elementor-section-height-default qodef-elementor-content-no qodef-elementor-overlay-no\" data-id=\"f1df6c0\" data-element_type=\"section\" data-e-type=\"section\">\n\t\t\t\t\t\t<div class=\"elementor-container elementor-column-gap-default\">\n\t\t\t\t\t<div class=\"elementor-column elementor-col-100 elementor-top-column elementor-element elementor-element-5cc6fde\" data-id=\"5cc6fde\" data-element_type=\"column\" data-e-type=\"column\">\n\t\t\t<div class=\"elementor-widget-wrap elementor-element-populated\">\n\t\t\t\t\t\t<div class=\"elementor-element elementor-element-3548d6c elementor-widget elementor-widget-image\" data-id=\"3548d6c\" data-element_type=\"widget\" data-e-type=\"widget\" data-widget_type=\"image.default\">\n\t\t\t\t<div class=\"elementor-widget-container\">\n\t\t\t\t\t\t\t\t\t\t\t\t\t\t\t<img decoding=\"async\" width=\"1024\" height=\"683\" src=\"https:\/\/light24.net\/wp-content\/uploads\/2022\/07\/Faro_blogi_2-1024x683.jpg\" class=\"attachment-large size-large wp-image-106475\" alt=\"\" srcset=\"https:\/\/light24.net\/wp-content\/uploads\/2022\/07\/Faro_blogi_2-1024x683.jpg 1024w, https:\/\/light24.net\/wp-content\/uploads\/2022\/07\/Faro_blogi_2-570x380.jpg 570w, https:\/\/light24.net\/wp-content\/uploads\/2022\/07\/Faro_blogi_2-300x200.jpg 300w, https:\/\/light24.net\/wp-content\/uploads\/2022\/07\/Faro_blogi_2-768x512.jpg 768w, https:\/\/light24.net\/wp-content\/uploads\/2022\/07\/Faro_blogi_2-1536x1024.jpg 1536w, https:\/\/light24.net\/wp-content\/uploads\/2022\/07\/Faro_blogi_2.jpg 1920w\" sizes=\"(max-width: 1024px) 100vw, 1024px\" title=\"Faro Barcelona \u2013 Forme nordique au c\u0153ur espagnol \u2600 Light24 \u2600 Faro_blogi_2 \u2600 Light24\" \/>\t\t\t\t\t\t\t\t\t\t\t\t\t\t\t<\/div>\n\t\t\t\t<\/div>\n\t\t\t\t\t<\/div>\n\t\t<\/div>\n\t\t\t\t\t<\/div>\n\t\t<\/section>\n\t\t\t\t<section class=\"elementor-section elementor-top-section elementor-element elementor-element-239ee94 elementor-section-boxed elementor-section-height-default elementor-section-height-default qodef-elementor-content-no qodef-elementor-overlay-no\" data-id=\"239ee94\" data-element_type=\"section\" data-e-type=\"section\">\n\t\t\t\t\t\t<div class=\"elementor-container elementor-column-gap-default\">\n\t\t\t\t\t<div class=\"elementor-column elementor-col-100 elementor-top-column elementor-element elementor-element-f905393\" data-id=\"f905393\" data-element_type=\"column\" data-e-type=\"column\">\n\t\t\t<div class=\"elementor-widget-wrap elementor-element-populated\">\n\t\t\t\t\t\t<div class=\"elementor-element elementor-element-7838af7 elementor-widget elementor-widget-text-editor\" data-id=\"7838af7\" data-element_type=\"widget\" data-e-type=\"widget\" data-widget_type=\"text-editor.default\">\n\t\t\t\t<div class=\"elementor-widget-container\">\n\t\t\t\t\t\t\t\t\t<h5>UN DESIGN QUI VOUS PARLE<\/h5><p>Faro Barcelona collabore avec plusieurs designers renomm\u00e9s qui cr\u00e9ent de nouvelles collections d&rsquo;\u00e9clairage \u00e9l\u00e9gantes qui transmettent les valeurs de la marque, sont esth\u00e9tiquement agr\u00e9ables et souvent multifonctionnelles. Les luminaires de Faro Barcelona se distinguent de la foule ; ils ne suivent pas aveugl\u00e9ment les derni\u00e8res tendances, mais poss\u00e8dent un visage et un caract\u00e8re reconnaissables.<\/p><p>Le choix des mat\u00e9riaux et la technologie de fabrication chez Faro Barcelona sont de premier ordre, et ces produits compl\u00e8tent n&rsquo;importe quel int\u00e9rieur car le design de la marque est intemporel.<\/p><p>Pour les designers d&rsquo;int\u00e9rieur et les architectes, les concepteurs de Faro Barcelona ont r\u00e9uni des gammes de produits qui offrent une plus grande flexibilit\u00e9 dans les solutions d&rsquo;\u00e9clairage pour cr\u00e9er des espaces o\u00f9 la lumi\u00e8re remplit ses t\u00e2ches exactement comme pr\u00e9vu.<\/p>\t\t\t\t\t\t\t\t<\/div>\n\t\t\t\t<\/div>\n\t\t\t\t\t<\/div>\n\t\t<\/div>\n\t\t\t\t\t<\/div>\n\t\t<\/section>\n\t\t\t\t<section class=\"elementor-section elementor-top-section elementor-element elementor-element-8251d0e elementor-section-boxed elementor-section-height-default elementor-section-height-default qodef-elementor-content-no qodef-elementor-overlay-no\" data-id=\"8251d0e\" data-element_type=\"section\" data-e-type=\"section\">\n\t\t\t\t\t\t<div class=\"elementor-container elementor-column-gap-default\">\n\t\t\t\t\t<div class=\"elementor-column elementor-col-100 elementor-top-column elementor-element elementor-element-6c13121\" data-id=\"6c13121\" data-element_type=\"column\" data-e-type=\"column\">\n\t\t\t<div class=\"elementor-widget-wrap elementor-element-populated\">\n\t\t\t\t\t\t<div class=\"elementor-element elementor-element-1867a7b elementor-widget elementor-widget-qi_addons_for_elementor_product_list\" data-id=\"1867a7b\" data-element_type=\"widget\" data-e-type=\"widget\" data-widget_type=\"qi_addons_for_elementor_product_list.default\">\n\t\t\t\t<div class=\"elementor-widget-container\">\n\t\t\t\t\t<div class=\"qodef-shortcode qodef-m qodef-addons-woo-shortcode qodef-qi-woo-shortcode-product-list qodef-item-layout--info-below-hover-inset qodef-image--hover-zoom qodef-qi-grid qodef-layout--qi-columns qodef-col-num--3 qodef-item-layout--info-below-hover-inset qodef-responsive--custom qodef-col-num--1680--3 qodef-col-num--1440--3 qodef-col-num--1366--3 qodef-col-num--1024--3 qodef-col-num--768--3 qodef-col-num--680--3 qodef-col-num--480--3\" >\n\t<div class=\"qodef-grid-inner\">\n\t\t<div class=\"qodef-e qodef-grid-item product type-product post-461278 status-publish first instock product_cat-appliques-murales product_cat-luminaires-dinterieur product_tag-faro has-post-thumbnail taxable shipping-taxable purchasable product-type-simple\">\n\t<div class=\"qodef-e-product-inner\">\n\t\t\t\t\t<div class=\"qodef-e-product-image\">\n\t\t\t\t<div class=\"qodef-e-product-image-holder\">\n\t\t\t\t\t\t\t\t\t\t<img decoding=\"async\" width=\"750\" height=\"750\" src=\"https:\/\/light24.net\/wp-content\/uploads\/2020\/02\/guest4.jpg\" class=\"attachment-full size-full\" alt=\"\" srcset=\"https:\/\/light24.net\/wp-content\/uploads\/2020\/02\/guest4.jpg 750w, https:\/\/light24.net\/wp-content\/uploads\/2020\/02\/guest4-360x360.jpg 360w, https:\/\/light24.net\/wp-content\/uploads\/2020\/02\/guest4-100x100.jpg 100w, https:\/\/light24.net\/wp-content\/uploads\/2020\/02\/guest4-570x570.jpg 570w, https:\/\/light24.net\/wp-content\/uploads\/2020\/02\/guest4-150x150.jpg 150w, https:\/\/light24.net\/wp-content\/uploads\/2020\/02\/guest4-300x300.jpg 300w, https:\/\/light24.net\/wp-content\/uploads\/2020\/02\/guest4-270x270.jpg 270w\" sizes=\"(max-width: 750px) 100vw, 750px\" \/>\t\t\t\t<\/div>\n\t\t\t\t<a href=\"https:\/\/light24.net\/fr\/toode\/luminaires-dinterieur\/appliques-murales\/seinavalgusti-guest\/\" class=\"woocommerce-LoopProduct-link woocommerce-loop-product__link\"><\/a>\t\t\t\t<div class=\"qodef-e-product-image-inner\">\n\t\t\t\t\t\t<a class=\"qodef-shortcode qodef-m button product_type_simple add_to_cart_button ajax_add_to_cart qodef-qi-button qodef-html--link qodef-layout--filled qodef-type--standard qodef-icon--right qodef-hover--icon-move-horizontal-short\" href=\"\/fr\/wp-json\/wp\/v2\/posts\/525388?add-to-cart=461278\" target=\"_self\" data-product_id=\"461278\" data-product_sku=\"FAR11544\" aria-label=\"Ajouter au panier\u00a0: \u201cGUEST\u201d\" rel=\"nofollow\" data-quantity=\"1\">\t\t<span class=\"qodef-m-text\">Ajouter au panier<\/span>\t\t\t<\/a>\t\t\t\t\t<\/div>\n\t\t\t<\/div>\n\t\t\t\t<div class=\"qodef-e-product-content\">\n\t\t\t<div class=\"qodef-e-product-heading\">\n\t\t\t\t<h5 itemprop=\"name\" class=\"qodef-e-product-title qodef-e-title entry-title\">\n\t<a itemprop=\"url\" class=\"qodef-e-product-title-link\" href=\"https:\/\/light24.net\/fr\/toode\/luminaires-dinterieur\/appliques-murales\/seinavalgusti-guest\/\">\n\t\tGUEST\t<\/a>\n<\/h5>\n\t\t\t\t\t\t<div class=\"qodef-woo-product-price price\"><span class=\"woocommerce-Price-amount amount\">159.00&nbsp;<span class=\"woocommerce-Price-currencySymbol\">&euro;<\/span><\/span><\/div>\n\t\t\t\t\t<\/div>\n\t\t\t\t<div class=\"qodef-e-product-categories\"><a href=\"https:\/\/light24.net\/fr\/categorie-produit\/luminaires-dinterieur\/appliques-murales\/\" rel=\"tag\">Appliques murales<\/a><span class=\"qodef-category-separator\"><\/span><a href=\"https:\/\/light24.net\/fr\/categorie-produit\/luminaires-dinterieur\/\" rel=\"tag\">Luminaires d'int\u00e9rieur<\/a><\/div>\n\t\t\t\t\t\t\t\t<\/div>\n\t<\/div>\n<\/div>\n\t<\/div>\n\t<\/div>\n\t\t\t\t<\/div>\n\t\t\t\t<\/div>\n\t\t\t\t\t<\/div>\n\t\t<\/div>\n\t\t\t\t\t<\/div>\n\t\t<\/section>\n\t\t\t\t<section class=\"elementor-section elementor-top-section elementor-element elementor-element-e55852b elementor-section-boxed elementor-section-height-default elementor-section-height-default qodef-elementor-content-no qodef-elementor-overlay-no\" data-id=\"e55852b\" data-element_type=\"section\" data-e-type=\"section\">\n\t\t\t\t\t\t<div class=\"elementor-container elementor-column-gap-default\">\n\t\t\t\t\t<div class=\"elementor-column elementor-col-100 elementor-top-column elementor-element elementor-element-edd92ba\" data-id=\"edd92ba\" data-element_type=\"column\" data-e-type=\"column\">\n\t\t\t<div class=\"elementor-widget-wrap elementor-element-populated\">\n\t\t\t\t\t\t<div class=\"elementor-element elementor-element-aeeca7a elementor-widget elementor-widget-text-editor\" data-id=\"aeeca7a\" data-element_type=\"widget\" data-e-type=\"widget\" data-widget_type=\"text-editor.default\">\n\t\t\t\t<div class=\"elementor-widget-container\">\n\t\t\t\t\t\t\t\t\t<h5>LUMINAIRES INT\u00c9RIEURS, LUMINAIRES EXT\u00c9RIEURS ET VENTILATEURS DE PLAFOND<\/h5><p>Aujourd&rsquo;hui, la gamme de produits de Faro Barcelona est tr\u00e8s diversifi\u00e9e \u2013 il existe toutes sortes de luminaires disponibles : lampes sur pied, plafonniers, suspensions, lampes de bureau \u2013 parmi ces types, il est possible de trouver un style qui s&rsquo;harmonise avec votre espace, car malgr\u00e9 son origine m\u00e9diterran\u00e9enne, Faro Barcelona se caract\u00e9rise par une ligne minimaliste nordique, des combinaisons inattendues et des solutions ing\u00e9nieuses, telles que des meubles d&rsquo;entr\u00e9e qui servent \u00e9galement de luminaires ou une petite table avec un \u00e9clairage mural int\u00e9gr\u00e9. Il est certain que les luminaires Faro Barcelona m\u00e9ritent un regard plus attentif.<\/p><p>Parmi les produits Faro Barcelona, il existe plusieurs collections o\u00f9 les lampes sur pied, les lampes murales, les plafonniers et les lampes de bureau proviennent de la m\u00eame famille. Cela facilite particuli\u00e8rement la recherche de luminaires qui s&rsquo;int\u00e8grent dans un design int\u00e9rieur harmonieux et r\u00e9fl\u00e9chi. Nos clients, qui ont d\u00e9j\u00e0 eu la sagesse d&rsquo;acqu\u00e9rir un luminaire Faro, reviennent souvent pour compl\u00e9ter davantage leur collection personnelle de Faro Barcelona.<\/p>\t\t\t\t\t\t\t\t<\/div>\n\t\t\t\t<\/div>\n\t\t\t\t\t<\/div>\n\t\t<\/div>\n\t\t\t\t\t<\/div>\n\t\t<\/section>\n\t\t\t\t<section class=\"elementor-section elementor-top-section elementor-element elementor-element-fd02957 elementor-section-boxed elementor-section-height-default elementor-section-height-default qodef-elementor-content-no qodef-elementor-overlay-no\" data-id=\"fd02957\" data-element_type=\"section\" data-e-type=\"section\">\n\t\t\t\t\t\t<div class=\"elementor-container elementor-column-gap-default\">\n\t\t\t\t\t<div class=\"elementor-column elementor-col-100 elementor-top-column elementor-element elementor-element-54cf02a\" data-id=\"54cf02a\" data-element_type=\"column\" data-e-type=\"column\">\n\t\t\t<div class=\"elementor-widget-wrap elementor-element-populated\">\n\t\t\t\t\t\t<div class=\"elementor-element elementor-element-4df8b41 elementor-widget elementor-widget-text-editor\" data-id=\"4df8b41\" data-element_type=\"widget\" data-e-type=\"widget\" data-widget_type=\"text-editor.default\">\n\t\t\t\t<div class=\"elementor-widget-container\">\n\t\t\t\t\t\t\t\t\t<p>\u00a0<\/p><ul><li>Recherchez les luminaires Faro Barcelona dans notre boutique en ligne<\/li><li>Trouvez de l&rsquo;inspiration sur le compte Instagram de Faro Barcelona faro_barcelona<\/li><li>En savoir plus sur Faro Barcelona sur le site Web de Faro<\/li><li>Ou contactez-nous et ensemble, nous trouverons des solutions adapt\u00e9es pour l&rsquo;\u00e9clairage int\u00e9rieur et ext\u00e9rieur.<\/li><\/ul>\t\t\t\t\t\t\t\t<\/div>\n\t\t\t\t<\/div>\n\t\t\t\t\t<\/div>\n\t\t<\/div>\n\t\t\t\t\t<\/div>\n\t\t<\/section>\n\t\t\t\t<\/div>\n\t\t","protected":false},"excerpt":{"rendered":"<p>Faro Barcelona on meie klientide \u00fcks lemmikuid. Ei ole p\u00e4eva kus m\u00f5ni Faro toode poleks taas ostukorvi lisatud. Mis teeb selle br\u00e4ndi valgustid nii populaarseks? Uurime l\u00e4hemalt, mida kujutab endast Hispaania valgustitootja Faro Barcelona.<\/p>\n","protected":false},"author":1514,"featured_media":106471,"comment_status":"closed","ping_status":"open","sticky":false,"template":"","format":"standard","meta":{"_acf_changed":false,"footnotes":""},"categories":[10497],"tags":[],"class_list":["post-525388","post","type-post","status-publish","format-standard","has-post-thumbnail","hentry","category-inspiration"],"acf":[],"aioseo_notices":[],"aioseo_head":"\n\t\t<!-- All in One SEO Pro 5.0.1.1 - aioseo.com -->\n\t<meta name=\"robots\" content=\"max-image-preview:large\" \/>\n\t<link rel=\"canonical\" href=\"https:\/\/light24.net\/fr\/toode\/luminaires-dinterieur\/appliques-murales\/seinavalgusti-guest\/\" \/>\n\t<meta name=\"generator\" content=\"All in One SEO Pro (AIOSEO) 5.0.1.1\" \/>\n\t\t<meta property=\"og:locale\" content=\"fr_FR\" \/>\n\t\t<meta property=\"og:site_name\" content=\"Light24 \u2600 Lighting E-Shop | Solutions d&#039;\u00e9clairage professionnelles\" \/>\n\t\t<meta property=\"og:type\" content=\"article\" \/>\n\t\t<meta property=\"og:title\" content=\"GUEST \u2600 Light24\" \/>\n\t\t<meta property=\"og:url\" content=\"https:\/\/light24.net\/fr\/toode\/luminaires-dinterieur\/appliques-murales\/seinavalgusti-guest\/\" \/>\n\t\t<meta property=\"og:image\" content=\"https:\/\/light24.net\/wp-content\/uploads\/2020\/02\/guest4.jpg\" \/>\n\t\t<meta property=\"og:image:secure_url\" content=\"https:\/\/light24.net\/wp-content\/uploads\/2020\/02\/guest4.jpg\" \/>\n\t\t<meta property=\"og:image:width\" content=\"750\" \/>\n\t\t<meta property=\"og:image:height\" content=\"750\" \/>\n\t\t<meta property=\"article:published_time\" content=\"2022-12-01T17:20:30+00:00\" \/>\n\t\t<meta property=\"article:modified_time\" content=\"2022-12-01T17:20:30+00:00\" \/>\n\t\t<meta property=\"article:publisher\" content=\"https:\/\/www.facebook.com\/light24.ee\" \/>\n\t\t<meta name=\"twitter:card\" content=\"summary_large_image\" \/>\n\t\t<meta name=\"twitter:title\" content=\"GUEST \u2600 Light24\" \/>\n\t\t<meta name=\"twitter:image\" content=\"https:\/\/light24.net\/wp-content\/uploads\/2020\/02\/guest4.jpg\" \/>\n\t\t<script type=\"application\/ld+json\" class=\"aioseo-schema\">\n\t\t\t{\"@context\":\"https:\\\/\\\/schema.org\",\"@graph\":[{\"@type\":\"BreadcrumbList\",\"@id\":\"https:\\\/\\\/light24.net\\\/fr\\\/toode\\\/luminaires-dinterieur\\\/appliques-murales\\\/seinavalgusti-guest\\\/#breadcrumblist\",\"itemListElement\":[{\"@type\":\"ListItem\",\"@id\":\"https:\\\/\\\/light24.net#listItem\",\"position\":1,\"name\":\"Home\",\"item\":\"https:\\\/\\\/light24.net\",\"nextItem\":{\"@type\":\"ListItem\",\"@id\":\"https:\\\/\\\/light24.net\\\/fr\\\/blog\\\/category\\\/inspiration\\\/#listItem\",\"name\":\"Inspiration\"}},{\"@type\":\"ListItem\",\"@id\":\"https:\\\/\\\/light24.net\\\/fr\\\/blog\\\/category\\\/inspiration\\\/#listItem\",\"position\":2,\"name\":\"Inspiration\",\"item\":\"https:\\\/\\\/light24.net\\\/fr\\\/blog\\\/category\\\/inspiration\\\/\",\"nextItem\":{\"@type\":\"ListItem\",\"@id\":\"https:\\\/\\\/light24.net\\\/fr\\\/blog\\\/2024\\\/11\\\/25\\\/faro-barcelona-forme-nordique-au-coeur-espagnol\\\/#listItem\",\"name\":\"Faro Barcelona \\u2013 Forme nordique au c\\u0153ur espagnol\"},\"previousItem\":{\"@type\":\"ListItem\",\"@id\":\"https:\\\/\\\/light24.net#listItem\",\"name\":\"Home\"}},{\"@type\":\"ListItem\",\"@id\":\"https:\\\/\\\/light24.net\\\/fr\\\/blog\\\/2024\\\/11\\\/25\\\/faro-barcelona-forme-nordique-au-coeur-espagnol\\\/#listItem\",\"position\":3,\"name\":\"Faro Barcelona \\u2013 Forme nordique au c\\u0153ur espagnol\",\"previousItem\":{\"@type\":\"ListItem\",\"@id\":\"https:\\\/\\\/light24.net\\\/fr\\\/blog\\\/category\\\/inspiration\\\/#listItem\",\"name\":\"Inspiration\"}}]},{\"@type\":\"Organization\",\"@id\":\"https:\\\/\\\/light24.net\\\/#organization\",\"name\":\"Light24\",\"description\":\"Lighting E-Shop | Solutions d'\\u00e9clairage professionnelles\",\"url\":\"https:\\\/\\\/light24.net\\\/\",\"email\":\"info@light24.ee\",\"telephone\":\"+3725184133\",\"logo\":{\"@type\":\"ImageObject\",\"url\":\"https:\\\/\\\/light24.ee\\\/wp-content\\\/uploads\\\/2022\\\/03\\\/Shape-2-3.svg\",\"@id\":\"https:\\\/\\\/light24.net\\\/fr\\\/toode\\\/luminaires-dinterieur\\\/appliques-murales\\\/seinavalgusti-guest\\\/#organizationLogo\"},\"image\":{\"@id\":\"https:\\\/\\\/light24.net\\\/fr\\\/toode\\\/luminaires-dinterieur\\\/appliques-murales\\\/seinavalgusti-guest\\\/#organizationLogo\"},\"sameAs\":[\"https:\\\/\\\/www.facebook.com\\\/light24.ee\",\"https:\\\/\\\/www.instagram.com\\\/light24official\\\/\"],\"address\":{\"@id\":\"https:\\\/\\\/light24.net\\\/#postaladdress\",\"@type\":\"PostalAddress\",\"streetAddress\":\"P\\u00e4rnu str 146\",\"postalCode\":\"11317\",\"addressLocality\":\"Tallinn\",\"addressCountry\":\"EE\"},\"vatID\":\"EE101408174\"},{\"@type\":\"Product\",\"@id\":\"https:\\\/\\\/light24.net\\\/fr\\\/toode\\\/luminaires-dinterieur\\\/appliques-murales\\\/seinavalgusti-guest\\\/#product\",\"name\":\"GUEST\",\"url\":\"https:\\\/\\\/light24.net\\\/fr\\\/toode\\\/luminaires-dinterieur\\\/appliques-murales\\\/seinavalgusti-guest\\\/\",\"image\":{\"@type\":\"ImageObject\",\"url\":\"https:\\\/\\\/light24.net\\\/wp-content\\\/uploads\\\/2020\\\/02\\\/guest4.jpg\",\"width\":750,\"height\":750}},{\"@type\":\"WebPage\",\"@id\":\"https:\\\/\\\/light24.net\\\/fr\\\/toode\\\/luminaires-dinterieur\\\/appliques-murales\\\/seinavalgusti-guest\\\/#webpage\",\"url\":\"https:\\\/\\\/light24.net\\\/fr\\\/toode\\\/luminaires-dinterieur\\\/appliques-murales\\\/seinavalgusti-guest\\\/\",\"name\":\"GUEST \\u2600 Light24\",\"inLanguage\":\"fr-FR\",\"isPartOf\":{\"@id\":\"https:\\\/\\\/light24.net\\\/#website\"},\"breadcrumb\":{\"@id\":\"https:\\\/\\\/light24.net\\\/fr\\\/toode\\\/luminaires-dinterieur\\\/appliques-murales\\\/seinavalgusti-guest\\\/#breadcrumblist\"},\"image\":{\"@type\":\"ImageObject\",\"url\":\"https:\\\/\\\/light24.net\\\/wp-content\\\/uploads\\\/2020\\\/02\\\/guest4.jpg\",\"@id\":\"https:\\\/\\\/light24.net\\\/fr\\\/toode\\\/luminaires-dinterieur\\\/appliques-murales\\\/seinavalgusti-guest\\\/#mainImage\",\"width\":750,\"height\":750},\"primaryImageOfPage\":{\"@id\":\"https:\\\/\\\/light24.net\\\/fr\\\/toode\\\/luminaires-dinterieur\\\/appliques-murales\\\/seinavalgusti-guest\\\/#mainImage\"},\"datePublished\":\"2022-12-01T19:20:30+02:00\",\"dateModified\":\"2022-12-01T19:20:30+02:00\"},{\"@type\":\"WebSite\",\"@id\":\"https:\\\/\\\/light24.net\\\/#website\",\"url\":\"https:\\\/\\\/light24.net\\\/\",\"name\":\"Light24\",\"description\":\"Lighting E-Shop | Solutions d'\\u00e9clairage professionnelles\",\"inLanguage\":\"fr-FR\",\"publisher\":{\"@id\":\"https:\\\/\\\/light24.net\\\/#organization\"}}]}\n\t\t<\/script>\n\t\t<!-- All in One SEO Pro -->\r\n\t\t<title>GUEST \u2600 Light24<\/title>\n\n","aioseo_head_json":{"title":"GUEST \u2600 Light24","description":"","canonical_url":"https:\/\/light24.net\/fr\/toode\/luminaires-dinterieur\/appliques-murales\/seinavalgusti-guest\/","robots":"max-image-preview:large","keywords":"","webmasterTools":{"miscellaneous":""},"schema":{"@context":"https:\/\/schema.org","@graph":[{"@type":"BreadcrumbList","@id":"https:\/\/light24.net\/fr\/toode\/luminaires-dinterieur\/appliques-murales\/seinavalgusti-guest\/#breadcrumblist","itemListElement":[{"@type":"ListItem","@id":"https:\/\/light24.net#listItem","position":1,"name":"Home","item":"https:\/\/light24.net","nextItem":{"@type":"ListItem","@id":"https:\/\/light24.net\/fr\/blog\/category\/inspiration\/#listItem","name":"Inspiration"}},{"@type":"ListItem","@id":"https:\/\/light24.net\/fr\/blog\/category\/inspiration\/#listItem","position":2,"name":"Inspiration","item":"https:\/\/light24.net\/fr\/blog\/category\/inspiration\/","nextItem":{"@type":"ListItem","@id":"https:\/\/light24.net\/fr\/blog\/2024\/11\/25\/faro-barcelona-forme-nordique-au-coeur-espagnol\/#listItem","name":"Faro Barcelona \u2013 Forme nordique au c\u0153ur espagnol"},"previousItem":{"@type":"ListItem","@id":"https:\/\/light24.net#listItem","name":"Home"}},{"@type":"ListItem","@id":"https:\/\/light24.net\/fr\/blog\/2024\/11\/25\/faro-barcelona-forme-nordique-au-coeur-espagnol\/#listItem","position":3,"name":"Faro Barcelona \u2013 Forme nordique au c\u0153ur espagnol","previousItem":{"@type":"ListItem","@id":"https:\/\/light24.net\/fr\/blog\/category\/inspiration\/#listItem","name":"Inspiration"}}]},{"@type":"Organization","@id":"https:\/\/light24.net\/#organization","name":"Light24","description":"Lighting E-Shop | Solutions d'\u00e9clairage professionnelles","url":"https:\/\/light24.net\/","email":"info@light24.ee","telephone":"+3725184133","logo":{"@type":"ImageObject","url":"https:\/\/light24.ee\/wp-content\/uploads\/2022\/03\/Shape-2-3.svg","@id":"https:\/\/light24.net\/fr\/toode\/luminaires-dinterieur\/appliques-murales\/seinavalgusti-guest\/#organizationLogo"},"image":{"@id":"https:\/\/light24.net\/fr\/toode\/luminaires-dinterieur\/appliques-murales\/seinavalgusti-guest\/#organizationLogo"},"sameAs":["https:\/\/www.facebook.com\/light24.ee","https:\/\/www.instagram.com\/light24official\/"],"address":{"@id":"https:\/\/light24.net\/#postaladdress","@type":"PostalAddress","streetAddress":"P\u00e4rnu str 146","postalCode":"11317","addressLocality":"Tallinn","addressCountry":"EE"},"vatID":"EE101408174"},{"@type":"Product","@id":"https:\/\/light24.net\/fr\/toode\/luminaires-dinterieur\/appliques-murales\/seinavalgusti-guest\/#product","name":"GUEST","url":"https:\/\/light24.net\/fr\/toode\/luminaires-dinterieur\/appliques-murales\/seinavalgusti-guest\/","image":{"@type":"ImageObject","url":"https:\/\/light24.net\/wp-content\/uploads\/2020\/02\/guest4.jpg","width":750,"height":750}},{"@type":"WebPage","@id":"https:\/\/light24.net\/fr\/toode\/luminaires-dinterieur\/appliques-murales\/seinavalgusti-guest\/#webpage","url":"https:\/\/light24.net\/fr\/toode\/luminaires-dinterieur\/appliques-murales\/seinavalgusti-guest\/","name":"GUEST \u2600 Light24","inLanguage":"fr-FR","isPartOf":{"@id":"https:\/\/light24.net\/#website"},"breadcrumb":{"@id":"https:\/\/light24.net\/fr\/toode\/luminaires-dinterieur\/appliques-murales\/seinavalgusti-guest\/#breadcrumblist"},"image":{"@type":"ImageObject","url":"https:\/\/light24.net\/wp-content\/uploads\/2020\/02\/guest4.jpg","@id":"https:\/\/light24.net\/fr\/toode\/luminaires-dinterieur\/appliques-murales\/seinavalgusti-guest\/#mainImage","width":750,"height":750},"primaryImageOfPage":{"@id":"https:\/\/light24.net\/fr\/toode\/luminaires-dinterieur\/appliques-murales\/seinavalgusti-guest\/#mainImage"},"datePublished":"2022-12-01T19:20:30+02:00","dateModified":"2022-12-01T19:20:30+02:00"},{"@type":"WebSite","@id":"https:\/\/light24.net\/#website","url":"https:\/\/light24.net\/","name":"Light24","description":"Lighting E-Shop | Solutions d'\u00e9clairage professionnelles","inLanguage":"fr-FR","publisher":{"@id":"https:\/\/light24.net\/#organization"}}]},"og:locale":"fr_FR","og:site_name":"Light24 \u2600 Lighting E-Shop | Solutions d'\u00e9clairage professionnelles","og:type":"article","og:title":"GUEST \u2600 Light24","og:url":"https:\/\/light24.net\/fr\/toode\/luminaires-dinterieur\/appliques-murales\/seinavalgusti-guest\/","og:image":"https:\/\/light24.net\/wp-content\/uploads\/2020\/02\/guest4.jpg","og:image:secure_url":"https:\/\/light24.net\/wp-content\/uploads\/2020\/02\/guest4.jpg","og:image:width":750,"og:image:height":750,"article:published_time":"2022-12-01T17:20:30+00:00","article:modified_time":"2022-12-01T17:20:30+00:00","article:publisher":"https:\/\/www.facebook.com\/light24.ee","twitter:card":"summary_large_image","twitter:title":"GUEST \u2600 Light24","twitter:image":"https:\/\/light24.net\/wp-content\/uploads\/2020\/02\/guest4.jpg"},"aioseo_meta_data":{"post_id":"525388","title":null,"description":null,"keywords":null,"keyphrases":null,"primary_term":null,"canonical_url":null,"og_title":null,"og_description":null,"og_object_type":"default","og_image_type":"default","og_image_url":null,"og_image_width":null,"og_image_height":null,"og_image_custom_url":null,"og_image_custom_fields":null,"og_video":null,"og_custom_url":null,"og_article_section":null,"og_article_tags":null,"twitter_use_og":false,"twitter_card":"default","twitter_image_type":"default","twitter_image_url":null,"twitter_image_custom_url":null,"twitter_image_custom_fields":null,"twitter_title":null,"twitter_description":null,"schema":{"blockGraphs":[],"customGraphs":[],"default":{"data":{"Article":[],"Course":[],"Dataset":[],"FAQPage":[],"Movie":[],"Person":[],"Product":[],"ProductReview":[],"Car":[],"Recipe":[],"Service":[],"SoftwareApplication":[],"WebPage":[]},"graphName":"","isEnabled":true},"graphs":[]},"schema_type":"default","schema_type_options":null,"pillar_content":false,"robots_default":true,"robots_noindex":false,"robots_noarchive":false,"robots_nosnippet":false,"robots_nofollow":false,"robots_noimageindex":false,"robots_noodp":false,"robots_notranslate":false,"robots_max_snippet":null,"robots_max_videopreview":null,"robots_max_imagepreview":"large","priority":null,"frequency":null,"local_seo":null,"seo_analyzer_scan_date":"2026-04-16 15:03:32","breadcrumb_settings":null,"limit_modified_date":false,"reviewed_by":null,"open_ai":null,"ai":null,"created":"2026-04-16 14:29:16","updated":"2026-04-16 15:10:57","focus_keyword":null,"additional_keywords":null,"truseo_locale":null},"aioseo_breadcrumb":"<div class=\"aioseo-breadcrumbs\"><span class=\"aioseo-breadcrumb\">\n\t<a href=\"https:\/\/light24.net\" title=\"Home\">Home<\/a>\n<\/span><span class=\"aioseo-breadcrumb-separator\">&raquo;<\/span><span class=\"aioseo-breadcrumb\">\n\t<a href=\"https:\/\/light24.net\/fr\/blog\/category\/inspiration\/\" title=\"Inspiration\">Inspiration<\/a>\n<\/span><span class=\"aioseo-breadcrumb-separator\">&raquo;<\/span><span class=\"aioseo-breadcrumb\">\n\tFaro Barcelona \u2013 Forme nordique au c\u0153ur espagnol\n<\/span><\/div>","aioseo_breadcrumb_json":[{"label":"Home","link":"https:\/\/light24.net"},{"label":"Inspiration","link":"https:\/\/light24.net\/fr\/blog\/category\/inspiration\/"},{"label":"Faro Barcelona \u2013 Forme nordique au c\u0153ur espagnol","link":"https:\/\/light24.net\/fr\/blog\/2024\/11\/25\/faro-barcelona-forme-nordique-au-coeur-espagnol\/"}],"_links":{"self":[{"href":"https:\/\/light24.net\/fr\/wp-json\/wp\/v2\/posts\/525388","targetHints":{"allow":["GET"]}}],"collection":[{"href":"https:\/\/light24.net\/fr\/wp-json\/wp\/v2\/posts"}],"about":[{"href":"https:\/\/light24.net\/fr\/wp-json\/wp\/v2\/types\/post"}],"author":[{"embeddable":true,"href":"https:\/\/light24.net\/fr\/wp-json\/wp\/v2\/users\/1514"}],"replies":[{"embeddable":true,"href":"https:\/\/light24.net\/fr\/wp-json\/wp\/v2\/comments?post=525388"}],"version-history":[{"count":0,"href":"https:\/\/light24.net\/fr\/wp-json\/wp\/v2\/posts\/525388\/revisions"}],"wp:featuredmedia":[{"embeddable":true,"href":"https:\/\/light24.net\/fr\/wp-json\/wp\/v2\/media\/106471"}],"wp:attachment":[{"href":"https:\/\/light24.net\/fr\/wp-json\/wp\/v2\/media?parent=525388"}],"wp:term":[{"taxonomy":"category","embeddable":true,"href":"https:\/\/light24.net\/fr\/wp-json\/wp\/v2\/categories?post=525388"},{"taxonomy":"post_tag","embeddable":true,"href":"https:\/\/light24.net\/fr\/wp-json\/wp\/v2\/tags?post=525388"}],"curies":[{"name":"wp","href":"https:\/\/api.w.org\/{rel}","templated":true}]}}